[{"@context":"https:\/\/schema.org\/","@type":"Article","@id":"https:\/\/www.amateto.cz\/barevne-propisky\/#Article","mainEntityOfPage":"https:\/\/www.amateto.cz\/barevne-propisky\/","headline":"Barevn\u00e9 propisky","name":"Barevn\u00e9 propisky","description":"Vzpom\u00edn\u00e1m si, kdy\u017e jsme na st\u0159edn\u00ed \u0161kole jako cel\u00e1 t\u0159\u00edda p\u0159em\u00fd\u0161leli, jak\u00e9 d\u00e1rky budeme d\u00e1vat na\u0161im u\u010ditel\u016fm, kdy\u017e my u\u017e odch\u00e1z\u00edme ze st\u0159edn\u00ed \u0161koly, maturitu&hellip;","datePublished":"2023-09-13","dateModified":"2023-09-13","author":{"@type":"Person","@id":"https:\/\/www.amateto.cz\/author\/#Person","name":"","url":"https:\/\/www.amateto.cz\/author\/","identifier":1,"image":{"@type":"ImageObject","@id":"https:\/\/secure.gravatar.com\/avatar\/04053961f5a3d2af1f56d865c7fc774bb6a80b9754b2f4c57fa4f8cefa253bd4?s=96&d=mm&r=g","url":"https:\/\/secure.gravatar.com\/avatar\/04053961f5a3d2af1f56d865c7fc774bb6a80b9754b2f4c57fa4f8cefa253bd4?s=96&d=mm&r=g","height":96,"width":96}},"publisher":{"@type":"Organization","name":"amateto.cz","logo":{"@type":"ImageObject","@id":"\/logo.png","url":"\/logo.png","width":600,"height":60}},"image":{"@type":"ImageObject","@id":"https:\/\/www.amateto.cz\/wp-content\/uploads\/coins-948603_1280_2.jpg","url":"https:\/\/www.amateto.cz\/wp-content\/uploads\/coins-948603_1280_2.jpg","height":0,"width":0},"url":"https:\/\/www.amateto.cz\/barevne-propisky\/","wordCount":409,"articleBody":"   Vzpom\u00edn\u00e1m si, kdy\u017e jsme na st\u0159edn\u00ed \u0161kole jako cel\u00e1 t\u0159\u00edda p\u0159em\u00fd\u0161leli, jak\u00e9 d\u00e1rky budeme d\u00e1vat na\u0161im u\u010ditel\u016fm, kdy\u017e my u\u017e odch\u00e1z\u00edme ze st\u0159edn\u00ed \u0161koly, maturitu jsme ud\u011blali opravdu v\u0161ichni b\u00e1je\u010dn\u011b. Nikdo s t\u00edm nem\u011bl \u017e\u00e1dn\u00e9 probl\u00e9my a u\u010ditele a celkov\u011b \u0161kolu jsme m\u011bli moc r\u00e1di, tak jsme tak\u00e9 se cht\u011bli rozlou\u010dit opravdu n\u011bjak netradi\u010dn\u011b a p\u011bkn\u011b. Tak jsme se rozhodli, \u017ee ud\u011bl\u00e1me n\u011bco, na co nikdo nezapomene. A co bude tak\u00e9 opravdu hodn\u011b praktick\u00e9. Potom m\u00e9ho kamar\u00e1da napadlo, \u017ee bychom mohli ud\u011blat n\u011bjak\u00e9 kr\u00e1sn\u00e9 propisky s vlastn\u00edm potiskem. Chv\u00edli jsem nad t\u00edm p\u0159em\u00fd\u0161lela a \u0159ekla jsem, \u017ee kdybychom tento n\u00e1pad p\u0159edvedli na\u0161\u00ed t\u0159\u00edd\u011b, tak by to mo\u017en\u00e1 pro\u0161lo. Tak\u017ee kdy\u017e jsme potom druh\u00fd den \u0161li op\u011bt do \u0161koly, tak jsem v\u0161em p\u0159ednesla n\u00e1\u0161 n\u00e1vrh, \u017ee bychom mohli ud\u011blat kr\u00e1sn\u00e9 propisky s vlastn\u00edm potiskem. Mus\u00edm uznat, \u017ee to byl asi opravdu skv\u011bl\u00fd n\u00e1pad, proto\u017ee v\u0161ichni ve t\u0159\u00edd\u011b souhlasili, tak\u017ee jsme si sehnali jednu kvalitn\u00ed firmu, kter\u00e1 se zab\u00fdv\u00e1 t\u00edm, \u017ee d\u011bl\u00e1 propisky s vlastn\u00edm potiskem. M\u011b osobn\u011b se to moc l\u00edbilo, byla jsem tak\u00e9 pot\u011b\u0161en\u00e1, \u017ee propisky byly opravdu kvalitn\u00ed a v\u00fdsledek st\u00e1l opravdu za to. Tak\u00e9 m\u011b na t\u00e9to firm\u011b pot\u011b\u0161ilo, \u017ee \u0161lo opravdu vid\u011bt na kvalit\u011b propisek, \u017ee si s v\u00fdrobou d\u011blaj\u00ed opravdu pr\u00e1ci a \u017ee d\u011blaj\u00ed v\u0161echno kvalitn\u011b, abychom my jako z\u00e1kazn\u00edci byli v\u017edycky maxim\u00e1ln\u011b spokojen\u00ed. Tady jde alespo\u0148 vid\u011bt, \u017ee kdy\u017e se v pr\u00e1ci n\u011bkdo sna\u017e\u00ed, aby v\u00fdsledek nebo slu\u017eba byla dokonal\u00e1, tak potom zaru\u010d\u00ed to, \u017ee z\u00e1kazn\u00edci se budou v\u017edycky r\u00e1di vracet a budou d\u00e1le doporu\u010dovat tuto firmu. I v\u00e1m doporu\u010duji jako origin\u00e1ln\u00ed d\u00e1rek na vzpom\u00ednku propisky s vlastn\u00edm potiskem, proto\u017ee je to nejenom origin\u00e1ln\u00ed, ale tak\u00e9 vlastn\u011b praktick\u00e9. Mnoho lid\u00ed propisky vyu\u017e\u00edv\u00e1, tak\u017ee se nebudou nikde v\u00e1let a nikdo na n\u011b nezapomene. Je logick\u00e9, \u017ee pokud v\u00e1m t\u0159eba dojde, n\u00e1pl\u0148 v propisce, m\u016f\u017eete si koupit novou.                                                                                                                                                                                                                                                                                                                                                                                                  "},{"@context":"https:\/\/schema.org\/","@type":"BreadcrumbList","itemListElement":[{"@type":"ListItem","position":1,"name":"Barevn\u00e9 propisky","item":"https:\/\/www.amateto.cz\/barevne-propisky\/#breadcrumbitem"}]}]