[{"@context":"https:\/\/schema.org\/","@type":"Article","@id":"https:\/\/www.amateto.cz\/jaky-ucel-maji-panske-kozene-opasky\/#Article","mainEntityOfPage":"https:\/\/www.amateto.cz\/jaky-ucel-maji-panske-kozene-opasky\/","headline":"Jak\u00fd \u00fa\u010del maj\u00ed p\u00e1nsk\u00e9 ko\u017een\u00e9 opasky","name":"Jak\u00fd \u00fa\u010del maj\u00ed p\u00e1nsk\u00e9 ko\u017een\u00e9 opasky","description":"Stejn\u011b jako u \u017een, tak i u mu\u017e\u016f existuj\u00ed ur\u010dit\u00e9 dopl\u0148ky oble\u010den\u00ed. N\u011bkter\u00e9 jsou zde jen proto, aby vylep\u0161ily celkov\u00fd vzhled, jin\u00e9 maj\u00ed i praktickou&hellip;","datePublished":"2023-05-27","dateModified":"2023-05-27","author":{"@type":"Person","@id":"https:\/\/www.amateto.cz\/author\/#Person","name":"","url":"https:\/\/www.amateto.cz\/author\/","identifier":1,"image":{"@type":"ImageObject","@id":"https:\/\/secure.gravatar.com\/avatar\/04053961f5a3d2af1f56d865c7fc774bb6a80b9754b2f4c57fa4f8cefa253bd4?s=96&d=mm&r=g","url":"https:\/\/secure.gravatar.com\/avatar\/04053961f5a3d2af1f56d865c7fc774bb6a80b9754b2f4c57fa4f8cefa253bd4?s=96&d=mm&r=g","height":96,"width":96}},"publisher":{"@type":"Organization","name":"amateto.cz","logo":{"@type":"ImageObject","@id":"\/logo.png","url":"\/logo.png","width":600,"height":60}},"image":{"@type":"ImageObject","@id":"https:\/\/www.amateto.cz\/wp-content\/uploads\/opasek1.jpg","url":"https:\/\/www.amateto.cz\/wp-content\/uploads\/opasek1.jpg","height":0,"width":0},"url":"https:\/\/www.amateto.cz\/jaky-ucel-maji-panske-kozene-opasky\/","wordCount":423,"articleBody":"   Stejn\u011b jako u \u017een, tak i u mu\u017e\u016f existuj\u00ed ur\u010dit\u00e9 dopl\u0148ky oble\u010den\u00ed. N\u011bkter\u00e9 jsou zde jen proto, aby vylep\u0161ily celkov\u00fd vzhled, jin\u00e9 maj\u00ed i praktickou funkci. A pak jsou tu ty, kter\u00e9 maj\u00ed ob\u011b. A mezi n\u011b pat\u0159\u00ed i p\u00e1nsk\u00e9 ko\u017een\u00e9 opasky https:\/\/www.kvalitniopasky.cz\/. To je n\u011bco, co najdeme v \u0161atn\u00edku prakticky ka\u017ed\u00e9ho mu\u017ee. Jen m\u00e1lokdo se v\u0161ak zamysl\u00ed nad t\u00edm, pro\u010d jsou vlastn\u011b tak popul\u00e1rn\u00ed. Koneckonc\u016f, v\u011bt\u0161ina mu\u017e\u016f se o m\u00f3du p\u0159\u00edli\u0161 nezaj\u00edm\u00e1. Pro\u010d jej tedy t\u00e9m\u011b\u0159 v\u0161ichni vlastn\u00ed a nos\u00ed?D\u016fvod\u016f je zde samoz\u0159ejm\u011b v\u00edc, a jedn\u00edm z nich je ten praktick\u00fd. P\u00e1sek toti\u017e pom\u00e1h\u00e1 dr\u017eet kalhoty na sv\u00e9m m\u00edst\u011b. A to se hod\u00ed zejm\u00e9na u t\u011bch voln\u011bj\u0161\u00edch, kter\u00e9 nemaj\u00ed zpevn\u011bn\u00fd p\u00e1s, p\u0159\u00edpadn\u011b pokud jsme o n\u011bco zhubli a na\u0161e star\u00e9 oble\u010den\u00ed je n\u00e1m ji\u017e tro\u0161i\u010dku velk\u00e9. Asi v\u0161ichni toti\u017e budeme souhlasit, \u017ee spu\u0161t\u011bn\u00ed kalhot \u201ena p\u016fl \u017eerdi\u201c nen\u00ed n\u011bco, co bychom r\u00e1di vid\u011bli.Zde v\u0161ak praktick\u00e9 vyu\u017eit\u00ed opask\u016f nekon\u010d\u00ed. Je tak\u00e9 na n\u011b mo\u017en\u00e9 p\u0159ipevnit ledvinky \u010di jin\u00e9 za\u0159\u00edzen\u00ed, do kter\u00e9ho m\u016f\u017eeme odlo\u017eit v\u011bci, kter\u00e9 zrovna nepot\u0159ebujeme, ale chceme je m\u00edt po ruce. Oprav\u00e1\u0159sk\u00fd p\u00e1sek zn\u00e1 koneckonc\u016f skoro ka\u017ed\u00fd. Je tedy bezesporu vhodn\u00fd i pro nejr\u016fzn\u011bj\u0161\u00ed kutily.Av\u0161ak a\u010dkoliv se mu\u017ei o m\u00f3du p\u0159\u00edli\u0161 nezaj\u00edmaj\u00ed (nebo to o sob\u011b alespo\u0148 tvrd\u00ed), nelze pominout fakt, \u017ee mnoz\u00ed nos\u00ed opasek p\u0159edev\u0161\u00edm proto, aby podtrhli sv\u016fj vzhled. Koneckonc\u016f, sta\u010d\u00ed si jen vzpomenout na \u0161irok\u00e9 p\u00e1sy s v\u00fdrazn\u00fdmi p\u0159ezkami, p\u0159ipom\u00ednaj\u00edc\u00edmi divok\u00fd z\u00e1pad, kter\u00e9 jsou tak\u00e9 v oblib\u011b. Je v\u0161ak pravdou, \u017ee v\u011bt\u0161ina mu\u017e\u016f vol\u00ed pon\u011bkud decentn\u011bj\u0161\u00ed variantu. Nen\u00ed v\u0161ak pochyb o tom, \u017ee t\u00edm sv\u016fj vzhled skute\u010dn\u011b dopl\u0148uj\u00ed.Bohu\u017eel, podobn\u011b jako u mnoha jin\u00fdch produkt\u016f, i zde do\u0161lo v posledn\u00edch letech k prudk\u00e9mu zv\u00fd\u0161en\u00ed ceny. Bu\u010fte tedy p\u0159ipraveni, \u017ee za n\u011bj zaplat\u00edte v\u00edc, ne\u017e byste mo\u017en\u00e1 \u010dekali. Zvl\u00e1\u0161t\u011b pokud chcete n\u011bjak\u00fd kvalitn\u00ed, kter\u00fd v\u00e1m vydr\u017e\u00ed skute\u010dn\u011b dlouho. A popravd\u011b \u0159e\u010deno, do jin\u00e9ho se v\u00e1m ani investovat nevyplat\u00ed.                                                                                                                                                                                                                                                                                                                                                                                                  "},{"@context":"https:\/\/schema.org\/","@type":"BreadcrumbList","itemListElement":[{"@type":"ListItem","position":1,"name":"Jak\u00fd \u00fa\u010del maj\u00ed p\u00e1nsk\u00e9 ko\u017een\u00e9 opasky","item":"https:\/\/www.amateto.cz\/jaky-ucel-maji-panske-kozene-opasky\/#breadcrumbitem"}]}]