[{"@context":"https:\/\/schema.org\/","@type":"Article","@id":"https:\/\/www.amateto.cz\/kdo-za-nas-se-vsemi-zuctuje\/#Article","mainEntityOfPage":"https:\/\/www.amateto.cz\/kdo-za-nas-se-vsemi-zuctuje\/","headline":"Kdo za n\u00e1s se v\u0161emi z\u00fa\u010dtuje?","name":"Kdo za n\u00e1s se v\u0161emi z\u00fa\u010dtuje?","description":"Kdy\u017e se \u010dlov\u011bk pust\u00ed do soukrom\u00e9ho podnik\u00e1n\u00ed, neznamen\u00e1 to jenom, \u017ee by m\u011bl um\u011bt n\u011bco, co by se dalo ostatn\u00edm lidem, jeho z\u00e1kazn\u00edk\u016fm, prodat. To&hellip;","datePublished":"2022-08-19","dateModified":"2023-04-25","author":{"@type":"Person","@id":"https:\/\/www.amateto.cz\/author\/#Person","name":"","url":"https:\/\/www.amateto.cz\/author\/","identifier":1,"image":{"@type":"ImageObject","@id":"https:\/\/secure.gravatar.com\/avatar\/04053961f5a3d2af1f56d865c7fc774bb6a80b9754b2f4c57fa4f8cefa253bd4?s=96&d=mm&r=g","url":"https:\/\/secure.gravatar.com\/avatar\/04053961f5a3d2af1f56d865c7fc774bb6a80b9754b2f4c57fa4f8cefa253bd4?s=96&d=mm&r=g","height":96,"width":96}},"publisher":{"@type":"Organization","name":"amateto.cz","logo":{"@type":"ImageObject","@id":"\/logo.png","url":"\/logo.png","width":600,"height":60}},"image":{"@type":"ImageObject","@id":"https:\/\/www.amateto.cz\/wp-content\/uploads\/EU%20mince_10_10_5.jpg","url":"https:\/\/www.amateto.cz\/wp-content\/uploads\/EU%20mince_10_10_5.jpg","height":0,"width":0},"url":"https:\/\/www.amateto.cz\/kdo-za-nas-se-vsemi-zuctuje\/","about":["Business"],"wordCount":415,"articleBody":"   Kdy\u017e se \u010dlov\u011bk pust\u00ed do soukrom\u00e9ho podnik\u00e1n\u00ed, neznamen\u00e1 to jenom, \u017ee by m\u011bl um\u011bt n\u011bco, co by se dalo ostatn\u00edm lidem, jeho z\u00e1kazn\u00edk\u016fm, prodat. To je sice z\u00e1kladem ka\u017ed\u00e9ho podnik\u00e1n\u00ed, na tom z\u00e1le\u017e\u00ed, zda se takov\u00fd \u010dlov\u011bk u\u017eiv\u00ed, ale samo o sob\u011b je to po\u0159\u00e1d je\u0161t\u011b m\u00e1lo. Spolu s t\u00edm je toti\u017e pot\u0159eba zvl\u00e1dnout i pat\u0159i\u010dn\u00e9 \u00fa\u010detnictv\u00ed. A to u\u017e je leckomu z podnikaj\u00edc\u00edch lid\u00ed ciz\u00ed. Tomu u\u017e leckter\u00fd podnikatel nerozum\u00ed.Ono toti\u017e u\u017e d\u00e1vno nesta\u010d\u00ed jenom d\u00e1t na hrom\u00e1dku vyd\u011blan\u00e9 pen\u00edze, ode\u010d\u00edst z nich pen\u00edze, kter\u00e9 se do podnik\u00e1n\u00ed investovaly, a zbytek vyu\u017e\u00edt pro sv\u00e9 pot\u0159eby. Dnes u\u017e je to p\u0159i\u010din\u011bn\u00edm st\u00e1tu daleko komplikovan\u011bj\u0161\u00ed. Dnes u\u017e se mus\u00ed v\u00e9st skute\u010dn\u011b dost slo\u017eit\u00e9 \u00fa\u010detnictv\u00ed, aby se z n\u011bj vypo\u010d\u00edtala nejedna povinn\u00e1 da\u0148 \u010di dal\u0161\u00ed odvod.A tak maj\u00ed podnikatel\u00e9 velice \u010dasto pr\u00e1v\u011b kv\u016fli \u00fa\u010detnictv\u00ed o starost v\u00edc. Mus\u00ed se zaj\u00edmat o to, co a jak se po nich vy\u017eaduje, mus\u00ed nejednou sledovat zm\u011bny, a p\u0159esto nejednou nemaj\u00ed jistotu, zda ud\u011blali v\u0161e dob\u0159e. Proto\u017ee kdyby jejich \u00fa\u010dty nesed\u011bly, ur\u010dit\u011b by se ti, kte\u0159\u00ed nedostali to, na co maj\u00ed n\u00e1rok, ozvali. A t\u0159eba se st\u00e1tem nebo zdravotn\u00edmi poji\u0161\u0165ovnami se v podobn\u00e9m p\u0159\u00edpad\u011b ned\u00e1 diskutovat a m\u016f\u017ee to b\u00fdt i hodn\u011b nep\u0159\u00edjemn\u00e9.A jak se takov\u00fdm nep\u0159\u00edjemnostem vyhnout? T\u0159eba t\u00edm, \u017ee se sv\u011b\u0159uje veden\u00ed \u00fa\u010detnictv\u00ed Praha 6 Jkcredit. Tedy \u00fa\u010detn\u00ed firm\u011b, kter\u00e1 m\u00e1 pr\u00e1v\u011b takov\u00e9 \u00fa\u010dtov\u00e1n\u00ed takzvan\u011b v mal\u00ed\u010dku. Kter\u00e1 v\u00ed, co a jak vy\u00fa\u010dtovat, co a jak zaevidovat, nahl\u00e1sit, dolo\u017eit a zaplatit. Tady si bez probl\u00e9m\u016f porad\u00ed a nalo\u017e\u00ed s podklady od podnikatel\u016f t\u00edm jedin\u00fdm spr\u00e1vn\u00fdm zp\u016fsobem.A kdo si tedy nech\u00e1 touto \u00fa\u010detn\u00ed firmou pomoci, u\u0161et\u0159\u00ed si spoustu \u010dasu a starost\u00ed. A m\u016f\u017ee se bez n\u011bjak\u00e9ho z\u00e1polen\u00ed s \u010d\u00edsly v\u011bnovat sv\u00e9mu podnik\u00e1n\u00ed. Co\u017e je pochopiteln\u011b to nej\u017e\u00e1doucn\u011bj\u0161\u00ed \u0159e\u0161en\u00ed, proto\u017ee by podnikatel\u00e9 m\u011bli d\u011blat to, co um\u00ed, a ne ma\u0159it \u010das n\u011b\u010d\u00edm, co jim m\u016f\u017ee i p\u0159es ve\u0161kerou snahu zkomplikovat \u017eivot.                                                                                                                                                                                                                                                                                                                                                                                                  "},{"@context":"https:\/\/schema.org\/","@type":"BreadcrumbList","itemListElement":[{"@type":"ListItem","position":1,"name":"Kdo za n\u00e1s se v\u0161emi z\u00fa\u010dtuje?","item":"https:\/\/www.amateto.cz\/kdo-za-nas-se-vsemi-zuctuje\/#breadcrumbitem"}]}]