[{"@context":"https:\/\/schema.org\/","@type":"Article","@id":"https:\/\/www.amateto.cz\/konci-vam-rodicovska-dovolena\/#Article","mainEntityOfPage":"https:\/\/www.amateto.cz\/konci-vam-rodicovska-dovolena\/","headline":"Kon\u010d\u00ed v\u00e1m rodi\u010dovsk\u00e1 dovolen\u00e1?","name":"Kon\u010d\u00ed v\u00e1m rodi\u010dovsk\u00e1 dovolen\u00e1?","description":"Jsou to pr\u00e1v\u011b \u017eeny, kdo b\u00fdvaj\u00ed nej\u010dast\u011bji doma s d\u011btmi. Spole\u010dnost tak byla nastaven\u00e1 v\u017edy, proto\u017ee \u017eena jako matka byla logicky u d\u011bt\u00ed, vychov\u00e1vala je&hellip;","datePublished":"2022-07-27","dateModified":"2023-04-25","author":{"@type":"Person","@id":"https:\/\/www.amateto.cz\/author\/#Person","name":"","url":"https:\/\/www.amateto.cz\/author\/","identifier":1,"image":{"@type":"ImageObject","@id":"https:\/\/secure.gravatar.com\/avatar\/04053961f5a3d2af1f56d865c7fc774bb6a80b9754b2f4c57fa4f8cefa253bd4?s=96&d=mm&r=g","url":"https:\/\/secure.gravatar.com\/avatar\/04053961f5a3d2af1f56d865c7fc774bb6a80b9754b2f4c57fa4f8cefa253bd4?s=96&d=mm&r=g","height":96,"width":96}},"publisher":{"@type":"Organization","name":"amateto.cz","logo":{"@type":"ImageObject","@id":"\/logo.png","url":"\/logo.png","width":600,"height":60}},"image":{"@type":"ImageObject","@id":"https:\/\/www.amateto.cz\/wp-content\/uploads\/mother-84628_640(1).jpg","url":"https:\/\/www.amateto.cz\/wp-content\/uploads\/mother-84628_640(1).jpg","height":0,"width":0},"url":"https:\/\/www.amateto.cz\/konci-vam-rodicovska-dovolena\/","about":["\u017deny"],"wordCount":500,"articleBody":"Jsou to pr\u00e1v\u011b \u017eeny, kdo b\u00fdvaj\u00ed nej\u010dast\u011bji doma s d\u011btmi. Spole\u010dnost tak byla nastaven\u00e1 v\u017edy, proto\u017ee \u017eena jako matka byla logicky u d\u011bt\u00ed, vychov\u00e1vala je a starala se o n\u011b, zat\u00edmco mu\u017ei chodili do pr\u00e1ce. Jen\u017ee \u017eeny dnes mus\u00ed do pr\u00e1ce ve v\u011bt\u0161in\u011b p\u0159\u00edpad\u016f chodit taky, aby rodina p\u0159e\u017eila. N\u00e1klady rostou raketov\u00fdm tempem, a jedna pr\u016fm\u011brn\u00e1 v\u00fdplata zkr\u00e1tka a dob\u0159e v\u0161echno nepokryje. Jen\u017ee probl\u00e9m nast\u00e1v\u00e1 s n\u00e1vratem do pr\u00e1ce po skon\u010den\u00ed rodi\u010dovsk\u00e9 dovolen\u00e9.Jesle? Za p\u016flku v\u00fdplaty.D\u0159\u00edv nebyl probl\u00e9m d\u00e1t d\u011bti do jesl\u00ed, a j\u00edt pracovat. I dnes maj\u00ed \u017eeny mo\u017enost d\u00e1 d\u00edt\u011b do jesl\u00ed. Jen\u017ee\u2026 z\u00e1sadn\u00ed probl\u00e9m je ten, \u017ee jesl\u00ed je zoufale m\u00e1lo, a jsou placen\u00e9. M\u016f\u017ee se tak st\u00e1t, \u017ee za jesle d\u00e1te p\u016flku toho, co vyd\u011bl\u00e1te.\u0160kolka? Leckde utopie.Stejn\u00fd probl\u00e9m je se \u0161kolkami. Jsou pln\u00e9, \u010dasto rodi\u010de voz\u00ed d\u011bti do \u0161kolky mimo m\u00edsto bydli\u0161t\u011b. \u010casto jim nezb\u00fdv\u00e1 nic jin\u00e9ho ne\u017e si naj\u00edt soukromou \u0161kolku. Jen\u017ee \u010dasto \u0161kolkovan\u00e9 stoj\u00ed i 10 tis\u00edc K\u010d a v\u00edc za m\u011bs\u00edc, co\u017e je pro \u0159adu dom\u00e1cnost\u00ed naprosto ne\u00fanosn\u00e9. Krom\u011b kapacity je tu je\u0161t\u011b jeden probl\u00e9m. A t\u00edm je provozn\u00ed doba \u0161kolek. Naprost\u00e1 v\u011bt\u0161ina \u0161kolek m\u00e1 otev\u0159eno a\u017e od 6:30, p\u0159i\u010dem\u017e v\u011bt\u0161ina pracovn\u00edch pozic vy\u017eaduje p\u0159\u00edchod p\u0159ed \u0161estou r\u00e1no.A to bohu\u017eel nen\u00ed v\u0161e. S n\u00e1vratem \u017een do zam\u011bstn\u00e1n\u00ed po ukon\u010den\u00ed rodi\u010dovsk\u00e9 dovolen\u00e9 se poj\u00ed dal\u0161\u00ed \u0159ada probl\u00e9m\u016f. A je velmi smutn\u00e9, \u017ee \u010dasto jsou to pr\u00e1v\u011b d\u011bti. Z pohledu zam\u011bstnavatele je logick\u00e9, \u017ee pot\u0159ebuje zam\u011bstnance, kter\u00fd bude chodit do pr\u00e1ce. Jen\u017ee mal\u00e9 d\u011bti jsou v kolektivu \u010dasto nemocn\u00e9, a je t\u0159eba s nimi z\u016fstat doma. Nikdo nechce, aby rodi\u010de pos\u00edlali nemocn\u00e9 d\u011bti mezi ostatn\u00ed. Jen\u017ee nikoho nezaj\u00edm\u00e1, \u017ee nejde b\u00fdt doma s nemocn\u00fdm d\u00edt\u011btem a z\u00e1rove\u0148 chodit do pr\u00e1ce. Po covid na\u0161t\u011bst\u00ed \u0159ada zam\u011bstnavatel\u016f povoluje alespo\u0148 ob\u010dasn\u00fd home office, jen\u017ee ten t\u0159eba kucha\u0159ka nevyu\u017eije. \u0158ada \u017een se tak na pohovorech dost\u00e1v\u00e1 do nep\u0159\u00edjemn\u00e9 situace, kdy jsou dotazov\u00e1ny, zda maj\u00ed d\u011bti, jak jsou velk\u00e9, a stejn\u011b jsou v\u011bt\u0161inou odm\u00edtnuty z d\u016fvodu \u017ee maj\u00ed d\u011bti.\u00a0Problematika n\u00e1vratu \u017een do pr\u00e1ce je u n\u00e1s velmi rozs\u00e1hl\u00e1, pro spoustu \u017een je n\u00e1vrat do pr\u00e1ce no\u010dn\u00ed m\u016frou je\u0161t\u011b p\u0159ed ukon\u010den\u00edm rodi\u010dovsk\u00e9 dovolen\u00e9. Bohu\u017eel tyto probl\u00e9my n\u00e1\u0161 st\u00e1t dlouhodob\u011b ne\u0159e\u0161\u00ed.                                                                                                                                                                                                                                                                                                                                                                                                "},{"@context":"https:\/\/schema.org\/","@type":"BreadcrumbList","itemListElement":[{"@type":"ListItem","position":1,"name":"Kon\u010d\u00ed v\u00e1m rodi\u010dovsk\u00e1 dovolen\u00e1?","item":"https:\/\/www.amateto.cz\/konci-vam-rodicovska-dovolena\/#breadcrumbitem"}]}]