[{"@context":"https:\/\/schema.org\/","@type":"Article","@id":"https:\/\/www.amateto.cz\/luxusni-bytovy-textil-prosteradla-i-osusky\/#Article","mainEntityOfPage":"https:\/\/www.amateto.cz\/luxusni-bytovy-textil-prosteradla-i-osusky\/","headline":"Luxusn\u00ed bytov\u00fd textil, prost\u011bradla i osu\u0161ky","name":"Luxusn\u00ed bytov\u00fd textil, prost\u011bradla i osu\u0161ky","description":"Kde sehnat modern\u00ed dopl\u0148ky, kter\u00e9 m\u016f\u017eeme vyu\u017e\u00edt v dom\u011b i byt\u011b? Luxusn\u00ed bytov\u00fd textil najdete nap\u0159\u00edklad na na\u0161ich internetov\u00fdch str\u00e1nk\u00e1ch, kde si m\u016f\u017eete vybrat materi\u00e1ly,&hellip;","datePublished":"2024-10-15","dateModified":"2024-10-15","author":{"@type":"Person","@id":"https:\/\/www.amateto.cz\/author\/#Person","name":"","url":"https:\/\/www.amateto.cz\/author\/","identifier":1,"image":{"@type":"ImageObject","@id":"https:\/\/secure.gravatar.com\/avatar\/04053961f5a3d2af1f56d865c7fc774bb6a80b9754b2f4c57fa4f8cefa253bd4?s=96&d=mm&r=g","url":"https:\/\/secure.gravatar.com\/avatar\/04053961f5a3d2af1f56d865c7fc774bb6a80b9754b2f4c57fa4f8cefa253bd4?s=96&d=mm&r=g","height":96,"width":96}},"publisher":{"@type":"Organization","name":"amateto.cz","logo":{"@type":"ImageObject","@id":"\/logo.png","url":"\/logo.png","width":600,"height":60}},"url":"https:\/\/www.amateto.cz\/luxusni-bytovy-textil-prosteradla-i-osusky\/","wordCount":252,"articleBody":"Kde sehnat modern\u00ed dopl\u0148ky, kter\u00e9 m\u016f\u017eeme vyu\u017e\u00edt v dom\u011b i byt\u011b? Luxusn\u00ed bytov\u00fd textil najdete nap\u0159\u00edklad na na\u0161ich internetov\u00fdch str\u00e1nk\u00e1ch, kde si m\u016f\u017eete vybrat materi\u00e1ly, barvy i rozm\u011bry. Tak\u00e9 zde najdete ve\u0161ker\u00e9 informace o jejich pou\u017e\u00edv\u00e1n\u00ed i \u010di\u0161t\u011bn\u00ed. Ur\u010dit\u011b se budou skv\u011ble hodit do Va\u0161eho ob\u00fdvac\u00edho \u010di d\u011btsk\u00e9ho pokoje, proto\u017ee dok\u00e1\u017e\u00ed rozz\u00e1\u0159it ka\u017ed\u00fd interi\u00e9r. A co byste \u0159ekli na nov\u00e1 prost\u011bradla? Cht\u011bli byste si dop\u0159\u00e1t sametov\u00fd dotek i ve sp\u00e1nku? Nebo si snad rad\u011bji vyberete nov\u00e9 osu\u0161ky a ru\u010dn\u00edky?Z\u00e1le\u017eet bude jen a jen na V\u00e1s!\tSh\u00e1n\u00edte osu\u0161ky, ru\u010dn\u00edky \u010di prost\u011bradla?Luxusn\u00ed bytov\u00fd textil ov\u0161em nem\u016f\u017ee zachr\u00e1nit v\u0161e s\u00e1m. Jen m\u00e1lokdo by cht\u011bl sp\u00e1t na rozvrzan\u00e9 posteli, kter\u00e1 nen\u00ed pohodln\u00e1. M\u011bli jste to tak i Vy? Ale rozhodli jste se pro koupi nov\u00e9 postele, kterou jste si ned\u00e1vno nast\u011bhovali do lo\u017enice? Cht\u011blo by to ale n\u011bjak\u00e9 nov\u00e9 povle\u010den\u00ed a hlavn\u011b prost\u011bradla? Potom jsme tu pro V\u00e1s! Nab\u00edz\u00edme V\u00e1m hned n\u011bkolik druh\u016f a materi\u00e1l\u016f, kter\u00e9 si m\u016f\u017eete z na\u0161eho \u0161irok\u00e9ho sortimentu vybrat. Kdybyste snad m\u011bli pot\u0159ebu koupit nov\u00e9 osu\u0161ky a ru\u010dn\u00edky, m\u016f\u017eeme V\u00e1m tak\u00e9 nab\u00eddnout pomoc.                                                                                                                                                                                                                                                                                                                                                                                                "},{"@context":"https:\/\/schema.org\/","@type":"BreadcrumbList","itemListElement":[{"@type":"ListItem","position":1,"name":"Luxusn\u00ed bytov\u00fd textil, prost\u011bradla i osu\u0161ky","item":"https:\/\/www.amateto.cz\/luxusni-bytovy-textil-prosteradla-i-osusky\/#breadcrumbitem"}]}]