[{"@context":"https:\/\/schema.org\/","@type":"Article","@id":"https:\/\/www.amateto.cz\/nebojujte-s-sedinami-udelejte-z-nich-prednost\/#Article","mainEntityOfPage":"https:\/\/www.amateto.cz\/nebojujte-s-sedinami-udelejte-z-nich-prednost\/","headline":"Nebojujte s \u0161edinami, ud\u011blejte z nich p\u0159ednost","name":"Nebojujte s \u0161edinami, ud\u011blejte z nich p\u0159ednost","description":"U\u017e d\u00e1vno neplat\u00ed, \u017ee by \u0161ediny byly zn\u00e1mkou sta\u0159\u00ed. I s nimi m\u016f\u017eete vypadat sexy. A pro\u010d je zakr\u00fdvat zrovna te\u010f, kdy\u017e je doba st\u0159\u00edbrn\u00e9&hellip;","datePublished":"2019-12-11","dateModified":"2019-12-11","author":{"@type":"Person","@id":"https:\/\/www.amateto.cz\/author\/#Person","name":"","url":"https:\/\/www.amateto.cz\/author\/","identifier":1,"image":{"@type":"ImageObject","@id":"https:\/\/secure.gravatar.com\/avatar\/04053961f5a3d2af1f56d865c7fc774bb6a80b9754b2f4c57fa4f8cefa253bd4?s=96&d=mm&r=g","url":"https:\/\/secure.gravatar.com\/avatar\/04053961f5a3d2af1f56d865c7fc774bb6a80b9754b2f4c57fa4f8cefa253bd4?s=96&d=mm&r=g","height":96,"width":96}},"publisher":{"@type":"Organization","name":"amateto.cz","logo":{"@type":"ImageObject","@id":"\/logo.png","url":"\/logo.png","width":600,"height":60}},"image":{"@type":"ImageObject","@id":"https:\/\/www.amateto.cz\/wp-content\/uploads\/img_a363997_w4318_t1576741743.jpg","url":"https:\/\/www.amateto.cz\/wp-content\/uploads\/img_a363997_w4318_t1576741743.jpg","height":0,"width":0},"url":"https:\/\/www.amateto.cz\/nebojujte-s-sedinami-udelejte-z-nich-prednost\/","about":["Kr\u00e1sa"],"wordCount":429,"articleBody":"U\u017e d\u00e1vno neplat\u00ed, \u017ee by \u0161ediny byly zn\u00e1mkou sta\u0159\u00ed. I s nimi m\u016f\u017eete vypadat sexy. A pro\u010d je zakr\u00fdvat zrovna te\u010f, kdy\u017e je doba st\u0159\u00edbrn\u00e9 k\u0161tici naklon\u011bn\u00e1. Zapome\u0148te na barvy na vlasy a nevzhledn\u00e9 odrosty. Nechte vyniknout svou p\u0159irozenou kr\u00e1su. Slu\u0161\u00ed nejen mu\u017e\u016fm, ale i \u017een\u00e1m.\u00a0Pro\u010d \u0161ediv\u00edmeObvykle si v\u011bt\u0161ina z n\u00e1s objev\u00ed prvn\u00ed \u0161ediv\u00fd vlas kolem 30. narozenin. M\u016f\u017ee to b\u00fdt v\u0161ak mnohem d\u0159\u00edve a jsou naopak mezi n\u00e1mi i takov\u00ed, u kter\u00fdch k tomuto jinak p\u0159irozen\u00e9mu procesu nedojde v\u016fbec. Melanocyty, kter\u00e9 produkuj\u00ed pigment, svou \u010dinnost \u010dasem postupn\u011b zastav\u00ed. Za\u010d\u00e1tek a intenzita \u0161ediv\u011bn\u00ed je dan\u00e1 geneticky. N\u011bco v\u0161ak ovlivnit m\u016f\u017eeme. Rychleji proces nastupuje:\t\tu ku\u0159\u00e1k\u016f\t\tp\u0159i nemoc\u00edch \u0161t\u00edtn\u00e9 \u017el\u00e1zy\t\tp\u0159i nedostatku vitam\u00ednu B6, B12, D a E\t\tp\u0159i hormon\u00e1ln\u00ed nerovnov\u00e1ze\t\tp\u0159i dlouhodob\u00e9m stresu\t\tp\u0159i \u010dast\u00e9m pou\u017e\u00edv\u00e1n\u00ed barev na vlasy, obzvl\u00e1\u0161t\u011b t\u011bch s peroxidem vod\u00edku\u00a0I v dob\u011b, kdy jsou hv\u011bzdy \u0161edin\u00e1m naklon\u011bny, se obr\u0148te proti negativismu n\u011bkter\u00fdch lid\u00ed. Mo\u017en\u00e1 budete p\u0159ekvapeni, ale vypad\u00e1 to, \u017ee mu\u017ei jsou tolerantn\u011bj\u0161\u00ed v\u00edce ne\u017e \u017eeny. Ty si nep\u0159\u00edjemn\u00e9 pozn\u00e1mky neodpust\u00ed. Sv\u00e9 o tom v\u00ed i \u010dty\u0159ic\u00e1tnice Renata z Ostravy. B\u00edl\u00e9 vlasy j\u00ed na hlav\u011b doslova z\u00e1\u0159\u00ed, ty ostatn\u00ed m\u00e1 toti\u017e od p\u0159\u00edrody \u010dern\u00e9. \u201eNebarv\u00edm se, proto\u017ee jsem m\u011bla hodn\u011b nep\u0159\u00edjemnou ko\u017en\u00ed reakci na barvu na vlasy. M\u00e1m z toho vylo\u017een\u011b paniku, \u017ee bych to podstoupila je\u0161t\u011b jednou. A\u010dkoliv je v\u011bt\u0161ina lid\u00ed v\u00a0pohod\u011b a druh\u00e9 p\u0159\u00edli\u0161 ne\u0159e\u0161\u00ed, setkala jsem se i s nep\u0159\u00edjemn\u00fdmi v\u00fdtkami, a to ze strany \u017een,\u201d \u0159\u00edk\u00e1 Renata, kter\u00e1 i p\u0159esto barven\u00ed odol\u00e1v\u00e1 a nech\u00e1v\u00e1 vyniknout svou p\u0159irozenou \u010derno st\u0159\u00edbrnou k\u0161tici.\u00a0Nic speci\u00e1ln\u00edhoP\u00e9\u010de o b\u00edl\u00e9 vlasy nen\u00ed nijak n\u00e1ro\u010dn\u00e1. M\u016f\u017eete pou\u017e\u00edvat d\u00e1le svou obl\u00edbenou kosmetiku. Podle pot\u0159eby doporu\u010duj\u00ed kade\u0159n\u00edci do p\u00e9\u010de o n\u011b za\u0159adit fialov\u00fd \u0161ampon. Pom\u016f\u017ee neutralizovat nevzhledn\u00e9 \u017elut\u00e9 odst\u00edny a dod\u00e1 vlas\u016fm st\u0159\u00edbrn\u00fd n\u00e1dech.Pokud jste si dote\u010f vlasy barvila, ale cht\u011bla byste kone\u010dn\u011b p\u0159iznat pravdu, doporu\u010dujeme na p\u0159echodnou dobu dobarvovat pouze odrosty a to nap\u0159\u00edklad \u0159asenkou nebo vlasov\u00fdm pudrem.                                                                                                                                                                                                                                                                                                                                                                                                "},{"@context":"https:\/\/schema.org\/","@type":"BreadcrumbList","itemListElement":[{"@type":"ListItem","position":1,"name":"Nebojujte s \u0161edinami, ud\u011blejte z nich p\u0159ednost","item":"https:\/\/www.amateto.cz\/nebojujte-s-sedinami-udelejte-z-nich-prednost\/#breadcrumbitem"}]}]