[{"@context":"https:\/\/schema.org\/","@type":"Blog","@id":"https:\/\/www.amateto.cz#Blog","headline":"Amateto","description":"\nEkonomice se dnes neda\u0159\u00ed. A tak se stejn\u011b jako p\u0159i minul\u00fdch kriz\u00edch mus\u00edme sna\u017eit, abychom to n\u011bjak zvl\u00e1dli, abychom vy\u017eili, ne\u017e snad jednou zase bude l\u00edp.","url":"https:\/\/www.amateto.cz","hasPart":[{"@type":"Article","@id":"https:\/\/www.amateto.cz\/kdy-lze-pouzit-nizky-plot\/","headline":"Kdy lze pou\u017e\u00edt n\u00edzk\u00fd plot","url":"https:\/\/www.amateto.cz\/kdy-lze-pouzit-nizky-plot\/","datePublished":"2025-01-14","dateModified":"2025-01-14","mainEntityOfPage":"https:\/\/www.amateto.cz\/kdy-lze-pouzit-nizky-plot\/","author":{"@type":"Person","@id":"https:\/\/www.amateto.cz\/author\/#Person","name":"","url":"https:\/\/www.amateto.cz\/author\/","identifier":1,"image":{"@type":"ImageObject","@id":"https:\/\/secure.gravatar.com\/avatar\/04053961f5a3d2af1f56d865c7fc774bb6a80b9754b2f4c57fa4f8cefa253bd4?s=96&d=mm&r=g","url":"https:\/\/secure.gravatar.com\/avatar\/04053961f5a3d2af1f56d865c7fc774bb6a80b9754b2f4c57fa4f8cefa253bd4?s=96&d=mm&r=g","height":96,"width":96}},"publisher":{"@type":"Organization","name":"amateto.cz","logo":{"@type":"ImageObject","@id":"\/logo.png","url":"\/logo.png","width":600,"height":60}},"image":{"@type":"ImageObject","@id":"https:\/\/www.amateto.cz\/wp-content\/uploads\/betonplot1_5.png","url":"https:\/\/www.amateto.cz\/wp-content\/uploads\/betonplot1_5.png","height":0,"width":0},"wordCount":565,"keywords":null},{"@type":"Article","@id":"https:\/\/www.amateto.cz\/penze-a-penziste-uz-vas-to-take-zajima\/","headline":"Penze a penzist\u00e9. U\u017e v\u00e1s to tak\u00e9 zaj\u00edm\u00e1?","url":"https:\/\/www.amateto.cz\/penze-a-penziste-uz-vas-to-take-zajima\/","datePublished":"2025-01-14","dateModified":"2025-01-14","mainEntityOfPage":"https:\/\/www.amateto.cz\/penze-a-penziste-uz-vas-to-take-zajima\/","author":{"@type":"Person","@id":"https:\/\/www.amateto.cz\/author\/#Person","name":"","url":"https:\/\/www.amateto.cz\/author\/","identifier":1,"image":{"@type":"ImageObject","@id":"https:\/\/secure.gravatar.com\/avatar\/04053961f5a3d2af1f56d865c7fc774bb6a80b9754b2f4c57fa4f8cefa253bd4?s=96&d=mm&r=g","url":"https:\/\/secure.gravatar.com\/avatar\/04053961f5a3d2af1f56d865c7fc774bb6a80b9754b2f4c57fa4f8cefa253bd4?s=96&d=mm&r=g","height":96,"width":96}},"publisher":{"@type":"Organization","name":"amateto.cz","logo":{"@type":"ImageObject","@id":"\/logo.png","url":"\/logo.png","width":600,"height":60}},"image":null,"wordCount":269,"keywords":null},{"@type":"Article","@id":"https:\/\/www.amateto.cz\/oblecte-svuj-dum-do-noveho-kabatu\/","headline":"Oble\u010dte sv\u016fj d\u016fm do nov\u00e9ho kab\u00e1tu","url":"https:\/\/www.amateto.cz\/oblecte-svuj-dum-do-noveho-kabatu\/","datePublished":"2025-01-08","dateModified":"2025-01-08","mainEntityOfPage":"https:\/\/www.amateto.cz\/oblecte-svuj-dum-do-noveho-kabatu\/","author":{"@type":"Person","@id":"https:\/\/www.amateto.cz\/author\/#Person","name":"","url":"https:\/\/www.amateto.cz\/author\/","identifier":1,"image":{"@type":"ImageObject","@id":"https:\/\/secure.gravatar.com\/avatar\/04053961f5a3d2af1f56d865c7fc774bb6a80b9754b2f4c57fa4f8cefa253bd4?s=96&d=mm&r=g","url":"https:\/\/secure.gravatar.com\/avatar\/04053961f5a3d2af1f56d865c7fc774bb6a80b9754b2f4c57fa4f8cefa253bd4?s=96&d=mm&r=g","height":96,"width":96}},"publisher":{"@type":"Organization","name":"amateto.cz","logo":{"@type":"ImageObject","@id":"\/logo.png","url":"\/logo.png","width":600,"height":60}},"image":null,"wordCount":250,"keywords":null},{"@type":"Article","@id":"https:\/\/www.amateto.cz\/odolne-kojenecke-obleceni\/","headline":"Odoln\u00e9 kojeneck\u00e9 oble\u010den\u00ed","url":"https:\/\/www.amateto.cz\/odolne-kojenecke-obleceni\/","datePublished":"2024-12-30","dateModified":"2024-12-30","mainEntityOfPage":"https:\/\/www.amateto.cz\/odolne-kojenecke-obleceni\/","author":{"@type":"Person","@id":"https:\/\/www.amateto.cz\/author\/#Person","name":"","url":"https:\/\/www.amateto.cz\/author\/","identifier":1,"image":{"@type":"ImageObject","@id":"https:\/\/secure.gravatar.com\/avatar\/04053961f5a3d2af1f56d865c7fc774bb6a80b9754b2f4c57fa4f8cefa253bd4?s=96&d=mm&r=g","url":"https:\/\/secure.gravatar.com\/avatar\/04053961f5a3d2af1f56d865c7fc774bb6a80b9754b2f4c57fa4f8cefa253bd4?s=96&d=mm&r=g","height":96,"width":96}},"publisher":{"@type":"Organization","name":"amateto.cz","logo":{"@type":"ImageObject","@id":"\/logo.png","url":"\/logo.png","width":600,"height":60}},"image":null,"wordCount":261,"keywords":null},{"@type":"Article","@id":"https:\/\/www.amateto.cz\/mam-milenku-na-dozivoti\/","headline":"M\u00e1m milenku na do\u017eivot\u00ed","url":"https:\/\/www.amateto.cz\/mam-milenku-na-dozivoti\/","datePublished":"2024-12-25","dateModified":"2024-12-25","mainEntityOfPage":"https:\/\/www.amateto.cz\/mam-milenku-na-dozivoti\/","author":{"@type":"Person","@id":"https:\/\/www.amateto.cz\/author\/#Person","name":"","url":"https:\/\/www.amateto.cz\/author\/","identifier":1,"image":{"@type":"ImageObject","@id":"https:\/\/secure.gravatar.com\/avatar\/04053961f5a3d2af1f56d865c7fc774bb6a80b9754b2f4c57fa4f8cefa253bd4?s=96&d=mm&r=g","url":"https:\/\/secure.gravatar.com\/avatar\/04053961f5a3d2af1f56d865c7fc774bb6a80b9754b2f4c57fa4f8cefa253bd4?s=96&d=mm&r=g","height":96,"width":96}},"publisher":{"@type":"Organization","name":"amateto.cz","logo":{"@type":"ImageObject","@id":"\/logo.png","url":"\/logo.png","width":600,"height":60}},"image":null,"wordCount":241,"keywords":null},{"@type":"Article","@id":"https:\/\/www.amateto.cz\/vedeni-neni-vecne\/","headline":"Veden\u00ed nen\u00ed v\u011b\u010dn\u00e9","url":"https:\/\/www.amateto.cz\/vedeni-neni-vecne\/","datePublished":"2024-12-21","dateModified":"2024-12-21","mainEntityOfPage":"https:\/\/www.amateto.cz\/vedeni-neni-vecne\/","author":{"@type":"Person","@id":"https:\/\/www.amateto.cz\/author\/#Person","name":"","url":"https:\/\/www.amateto.cz\/author\/","identifier":1,"image":{"@type":"ImageObject","@id":"https:\/\/secure.gravatar.com\/avatar\/04053961f5a3d2af1f56d865c7fc774bb6a80b9754b2f4c57fa4f8cefa253bd4?s=96&d=mm&r=g","url":"https:\/\/secure.gravatar.com\/avatar\/04053961f5a3d2af1f56d865c7fc774bb6a80b9754b2f4c57fa4f8cefa253bd4?s=96&d=mm&r=g","height":96,"width":96}},"publisher":{"@type":"Organization","name":"amateto.cz","logo":{"@type":"ImageObject","@id":"\/logo.png","url":"\/logo.png","width":600,"height":60}},"image":{"@type":"ImageObject","@id":"https:\/\/www.amateto.cz\/wp-content\/uploads\/eeeeeeee_10_10_10_10_2.jpg","url":"https:\/\/www.amateto.cz\/wp-content\/uploads\/eeeeeeee_10_10_10_10_2.jpg","height":0,"width":0},"wordCount":624,"keywords":null},{"@type":"Article","@id":"https:\/\/www.amateto.cz\/zajimava-nabidka\/","headline":"Zaj\u00edmav\u00e1 nab\u00eddka","url":"https:\/\/www.amateto.cz\/zajimava-nabidka\/","datePublished":"2024-12-15","dateModified":"2024-12-15","mainEntityOfPage":"https:\/\/www.amateto.cz\/zajimava-nabidka\/","author":{"@type":"Person","@id":"https:\/\/www.amateto.cz\/author\/#Person","name":"","url":"https:\/\/www.amateto.cz\/author\/","identifier":1,"image":{"@type":"ImageObject","@id":"https:\/\/secure.gravatar.com\/avatar\/04053961f5a3d2af1f56d865c7fc774bb6a80b9754b2f4c57fa4f8cefa253bd4?s=96&d=mm&r=g","url":"https:\/\/secure.gravatar.com\/avatar\/04053961f5a3d2af1f56d865c7fc774bb6a80b9754b2f4c57fa4f8cefa253bd4?s=96&d=mm&r=g","height":96,"width":96}},"publisher":{"@type":"Organization","name":"amateto.cz","logo":{"@type":"ImageObject","@id":"\/logo.png","url":"\/logo.png","width":600,"height":60}},"image":null,"wordCount":325,"keywords":null},{"@type":"Article","@id":"https:\/\/www.amateto.cz\/na-deprese-ktere-vas-trapi\/","headline":"Na deprese, kter\u00e9 v\u00e1s tr\u00e1p\u00ed","url":"https:\/\/www.amateto.cz\/na-deprese-ktere-vas-trapi\/","datePublished":"2024-12-11","dateModified":"2024-12-11","mainEntityOfPage":"https:\/\/www.amateto.cz\/na-deprese-ktere-vas-trapi\/","author":{"@type":"Person","@id":"https:\/\/www.amateto.cz\/author\/#Person","name":"","url":"https:\/\/www.amateto.cz\/author\/","identifier":1,"image":{"@type":"ImageObject","@id":"https:\/\/secure.gravatar.com\/avatar\/04053961f5a3d2af1f56d865c7fc774bb6a80b9754b2f4c57fa4f8cefa253bd4?s=96&d=mm&r=g","url":"https:\/\/secure.gravatar.com\/avatar\/04053961f5a3d2af1f56d865c7fc774bb6a80b9754b2f4c57fa4f8cefa253bd4?s=96&d=mm&r=g","height":96,"width":96}},"publisher":{"@type":"Organization","name":"amateto.cz","logo":{"@type":"ImageObject","@id":"\/logo.png","url":"\/logo.png","width":600,"height":60}},"image":null,"wordCount":226,"keywords":null},{"@type":"Article","@id":"https:\/\/www.amateto.cz\/revitalizujeme-lodzie-v-bytovem-dome\/","headline":"Revitalizujeme lod\u017eie v bytov\u00e9m dom\u011b","url":"https:\/\/www.amateto.cz\/revitalizujeme-lodzie-v-bytovem-dome\/","datePublished":"2024-12-10","dateModified":"2024-12-10","mainEntityOfPage":"https:\/\/www.amateto.cz\/revitalizujeme-lodzie-v-bytovem-dome\/","author":{"@type":"Person","@id":"https:\/\/www.amateto.cz\/author\/#Person","name":"","url":"https:\/\/www.amateto.cz\/author\/","identifier":1,"image":{"@type":"ImageObject","@id":"https:\/\/secure.gravatar.com\/avatar\/04053961f5a3d2af1f56d865c7fc774bb6a80b9754b2f4c57fa4f8cefa253bd4?s=96&d=mm&r=g","url":"https:\/\/secure.gravatar.com\/avatar\/04053961f5a3d2af1f56d865c7fc774bb6a80b9754b2f4c57fa4f8cefa253bd4?s=96&d=mm&r=g","height":96,"width":96}},"publisher":{"@type":"Organization","name":"amateto.cz","logo":{"@type":"ImageObject","@id":"\/logo.png","url":"\/logo.png","width":600,"height":60}},"image":{"@type":"ImageObject","@id":"https:\/\/www.amateto.cz\/wp-content\/uploads\/buildings-2626957_640_9.jpg","url":"https:\/\/www.amateto.cz\/wp-content\/uploads\/buildings-2626957_640_9.jpg","height":0,"width":0},"wordCount":573,"keywords":null},{"@type":"Article","@id":"https:\/\/www.amateto.cz\/registrace-do-katalogu\/","headline":"Registrace do katalog\u016f","url":"https:\/\/www.amateto.cz\/registrace-do-katalogu\/","datePublished":"2024-12-02","dateModified":"2024-12-02","mainEntityOfPage":"https:\/\/www.amateto.cz\/registrace-do-katalogu\/","author":{"@type":"Person","@id":"https:\/\/www.amateto.cz\/author\/#Person","name":"","url":"https:\/\/www.amateto.cz\/author\/","identifier":1,"image":{"@type":"ImageObject","@id":"https:\/\/secure.gravatar.com\/avatar\/04053961f5a3d2af1f56d865c7fc774bb6a80b9754b2f4c57fa4f8cefa253bd4?s=96&d=mm&r=g","url":"https:\/\/secure.gravatar.com\/avatar\/04053961f5a3d2af1f56d865c7fc774bb6a80b9754b2f4c57fa4f8cefa253bd4?s=96&d=mm&r=g","height":96,"width":96}},"publisher":{"@type":"Organization","name":"amateto.cz","logo":{"@type":"ImageObject","@id":"\/logo.png","url":"\/logo.png","width":600,"height":60}},"image":null,"wordCount":215,"keywords":null}]},{"@context":"https:\/\/schema.org","@type":"WebSite","@id":"https:\/\/www.amateto.cz\/#website","name":"Amateto","url":"https:\/\/www.amateto.cz","potentialAction":{"@type":"SearchAction","target":"https:\/\/www.amateto.cz\/?s={search_term_string}","query-input":"required name=search_term_string"}}]