[{"@context":"https:\/\/schema.org\/","@type":"Article","@id":"https:\/\/www.amateto.cz\/party-stan-pro-svatebni-oslavu\/#Article","mainEntityOfPage":"https:\/\/www.amateto.cz\/party-stan-pro-svatebni-oslavu\/","headline":"P\u00e1rty stan pro svatebn\u00ed oslavu","name":"P\u00e1rty stan pro svatebn\u00ed oslavu","description":"Svatba pat\u0159\u00ed k nejv\u00fdznamn\u011bj\u0161\u00edm \u017eivotn\u00edm ud\u00e1lostem a podle toho se tak\u00e9 pl\u00e1nuje jej\u00ed oslava. Ta se odb\u00fdv\u00e1 pochopiteln\u011b v ofici\u00e1ln\u00edm duchu v kostele nebo na&hellip;","datePublished":"2022-11-04","dateModified":"2023-04-25","author":{"@type":"Person","@id":"https:\/\/www.amateto.cz\/author\/#Person","name":"","url":"https:\/\/www.amateto.cz\/author\/","identifier":1,"image":{"@type":"ImageObject","@id":"https:\/\/secure.gravatar.com\/avatar\/04053961f5a3d2af1f56d865c7fc774bb6a80b9754b2f4c57fa4f8cefa253bd4?s=96&d=mm&r=g","url":"https:\/\/secure.gravatar.com\/avatar\/04053961f5a3d2af1f56d865c7fc774bb6a80b9754b2f4c57fa4f8cefa253bd4?s=96&d=mm&r=g","height":96,"width":96}},"publisher":{"@type":"Organization","name":"amateto.cz","logo":{"@type":"ImageObject","@id":"\/logo.png","url":"\/logo.png","width":600,"height":60}},"image":{"@type":"ImageObject","@id":"https:\/\/www.amateto.cz\/wp-content\/uploads\/fixed-3357588_640_1.jpg","url":"https:\/\/www.amateto.cz\/wp-content\/uploads\/fixed-3357588_640_1.jpg","height":0,"width":0},"url":"https:\/\/www.amateto.cz\/party-stan-pro-svatebni-oslavu\/","about":["Business"],"wordCount":416,"articleBody":"   Svatba pat\u0159\u00ed k nejv\u00fdznamn\u011bj\u0161\u00edm \u017eivotn\u00edm ud\u00e1lostem a podle toho se tak\u00e9 pl\u00e1nuje jej\u00ed oslava. Ta se odb\u00fdv\u00e1 pochopiteln\u011b v ofici\u00e1ln\u00edm duchu v kostele nebo na m\u011bstsk\u00fdch \u010di obecn\u00edch \u00fa\u0159adech a n\u00e1sledn\u011b v prostor\u00e1ch salonk\u016f restaurac\u00ed, vin\u00e1ren \u010di kav\u00e1ren, kde prob\u00edh\u00e1 svatebn\u00ed hostina. Na hostinu v\u0161ak mohou b\u00fdt pozvan\u00ed pouze host\u00e9 z rodinn\u00e9ho kruhu a z u\u017e\u0161\u00edho p\u0159\u00edbuzenstva, a pot\u00e9 se v\u0161ichni z\u00fa\u010dastn\u011bn\u00ed mohou p\u0159esunout do venkovn\u00edch prostor, kde prob\u011bhne slavnost ve voln\u011bj\u0161\u00edm duchu. Tam u\u017e b\u00fdvaj\u00ed p\u0159\u00edtomni i p\u0159\u00e1tel\u00e9 a zn\u00e1m\u00ed a jde o velkolepou p\u00e1rty, kde se m\u016f\u017ee sej\u00edt i n\u011bkolik des\u00edtek osob.Pro tyto p\u0159\u00edle\u017eitosti se b\u00e1je\u010dn\u011b hod\u00ed p\u00e1rty stan z p\u016fj\u010dovny p\u00e1rty stan\u016f v Brn\u011b https:\/\/www.partystanyaz.cz\/pronajem.html. Pro\u010d zrovna p\u00e1rty stan a pro\u010d zrovna na svatbu?B\u00edl\u00e1 barva \u2013 nev\u011bstiny svatebn\u00ed \u0161aty b\u00fdvaj\u00ed obvykle b\u00edl\u00e9 a b\u00edl\u00e1 barva se zpravidla objevuje i na ubrusech a prost\u00edr\u00e1n\u00ed sv\u00e1te\u010dn\u00edch stol\u016f. V tomto duchu se m\u016f\u017ee n\u00e9st i zahradn\u00ed slavnost, kde b\u00edl\u00e1 plachta stanov\u00e9 konstrukce nebude p\u016fsobit ru\u0161iv\u011b, ale sp\u00ed\u0161e p\u0159irozen\u011b.Ochrana p\u0159ed sluncem \u2013 slune\u010dn\u00ed paprsky jsou na svatb\u011b pochopiteln\u011b v\u00edtan\u00e9, ale nesm\u00ed jich b\u00fdt mnoho. Nehod\u00ed se nap\u0159\u00edklad p\u0159i stolov\u00e1n\u00ed, kde odr\u00e1\u017e\u00ed ostr\u00e9 slunce b\u00edl\u00e1 barva ubrusu a b\u00edl\u00e9 n\u00e1dob\u00ed. Bari\u00e9ru p\u0159ed sluncem ocen\u00edme i tehdy, je-li venkovn\u00ed teplota p\u0159\u00edli\u0161 vysok\u00e1 a nem\u00e1me mo\u017enost se nikde efektivn\u011b chladit.Zabezpe\u010den\u00ed p\u0159ed de\u0161t\u011bm \u2013 kdy\u017e na svatb\u011b lehce zapr\u0161\u00ed, nic se ned\u011bje, ale ne v\u017edy se poda\u0159\u00ed \u201eobjednat\u201c po\u010das\u00ed na svatebn\u00ed den takov\u00e9, aby bylo ide\u00e1ln\u00ed. P\u00e1rty stany p\u0159ed de\u0161t\u011bm chr\u00e1n\u00ed spolehliv\u011b, pouze mus\u00edte po\u010d\u00edtat s t\u00edm, \u017ee na n\u00e1v\u011btrn\u00e9 stran\u011b budou de\u0161\u0165ov\u00e9 kapky sm\u011b\u0159ovat \u0161ikmo a mohou dopadat i pod prostory stanov\u00e9 st\u0159echy.Odd\u011blen\u00ed koutu s ob\u010derstven\u00edm \u2013 p\u00e1rty stan m\u016f\u017ee poslou\u017eit i jako prostor, kde budou um\u00edst\u011bny pokrmy a n\u00e1poje pro pozvan\u00e9 hosty, a ti si tu pak mohou v poklidu sami vyb\u00edrat z nab\u00edzen\u00e9ho sortimentu na dezertn\u00ed tal\u00ed\u0159ky.                                                                                                                                                                                                                                                                                                                                                                                                  "},{"@context":"https:\/\/schema.org\/","@type":"BreadcrumbList","itemListElement":[{"@type":"ListItem","position":1,"name":"P\u00e1rty stan pro svatebn\u00ed oslavu","item":"https:\/\/www.amateto.cz\/party-stan-pro-svatebni-oslavu\/#breadcrumbitem"}]}]