[{"@context":"https:\/\/schema.org\/","@type":"Article","@id":"https:\/\/www.amateto.cz\/pergola-na-zahrade\/#Article","mainEntityOfPage":"https:\/\/www.amateto.cz\/pergola-na-zahrade\/","headline":"Pergola na zahrad\u011b","name":"Pergola na zahrad\u011b","description":"D\u0159ev\u011bn\u00e9 pergoly a zahradn\u00ed alt\u00e1ny z \u00dast\u00ed nad Labem jsou velmi kvalitn\u00ed, co jsem m sly\u0161ela. Kdy\u017e jsme s p\u0159\u00edtelem hledali, jakou pergolu v si&hellip;","datePublished":"2022-06-08","dateModified":"2023-12-07","author":{"@type":"Person","@id":"https:\/\/www.amateto.cz\/author\/#Person","name":"","url":"https:\/\/www.amateto.cz\/author\/","identifier":1,"image":{"@type":"ImageObject","@id":"https:\/\/secure.gravatar.com\/avatar\/04053961f5a3d2af1f56d865c7fc774bb6a80b9754b2f4c57fa4f8cefa253bd4?s=96&d=mm&r=g","url":"https:\/\/secure.gravatar.com\/avatar\/04053961f5a3d2af1f56d865c7fc774bb6a80b9754b2f4c57fa4f8cefa253bd4?s=96&d=mm&r=g","height":96,"width":96}},"publisher":{"@type":"Organization","name":"amateto.cz","logo":{"@type":"ImageObject","@id":"\/logo.png","url":"\/logo.png","width":600,"height":60}},"image":{"@type":"ImageObject","@id":"https:\/\/www.amateto.cz\/wp-content\/uploads\/landscape-5000094_960_720.jpg","url":"https:\/\/www.amateto.cz\/wp-content\/uploads\/landscape-5000094_960_720.jpg","height":0,"width":0},"url":"https:\/\/www.amateto.cz\/pergola-na-zahrade\/","about":["Produkty"],"wordCount":397,"articleBody":"         D\u0159ev\u011bn\u00e9 pergoly a zahradn\u00ed alt\u00e1ny z \u00dast\u00ed nad Labem jsou velmi kvalitn\u00ed, co  jsem m sly\u0161ela. Kdy\u017e jsme s p\u0159\u00edtelem hledali, jakou pergolu v si d\u00e1me na zahradu, tak jsme v\u016fbec nev\u011bd\u011bli, jak\u00e1 pergola pro n\u00e1s bude ta nejlep\u0161\u00ed. Proto\u017ee oba dva s p\u0159\u00edtelem jsme cht\u011bli takovou pergolu, kter\u00e1 vydr\u017e\u00ed opravdu dlouho. A to, \u017ee m\u00e1me velmi \u0161patnou zku\u0161enost, kdy\u017e si soused d\u011blal vlastn\u00ed pergolu. A j\u00e1 jsem si \u0159ekla, \u017ee nejlep\u0161\u00ed by byly d\u0159ev\u011bn\u00e9 pergoly a zahradn\u00ed alt\u00e1ny z \u00dast\u00ed nad Labem. Mysl\u00edm si to, proto\u017ee moje sest\u0159enice s t\u00edm byla velmi spokojen\u00e1. Nicm\u00e9n\u011b, ale kdy\u017e zase si vezmu pergolu z souseda, tak jsem v\u00e1hala, jestli v\u016fbec n\u011bjakou pergolu budeme s p\u0159\u00edtelem d\u011blat.Proto\u017ee naj\u00edt kvalitn\u00ed pergolu je v\u00e1\u017en\u011b slo\u017eit\u00e9. A tak jsme taky p\u0159em\u00fd\u0161leli, jestli si na to najmout n\u011bjak\u00e9 stavitele nebo to d\u011blat sami? T\u011b\u017ek\u00e1 ot\u00e1zka. A mus\u00edm \u0159\u00edct, \u017ee opravdu na prvn\u00ed pohled ta sousedova pergola vypadala perfektn\u011b, kdy\u017e n\u00e1m ji ukazoval. Taky vypadala hodn\u011b stabiln\u011b. Jenom\u017ee zrovna byly n\u011bjak\u00e9 povodn\u011b a hodn\u011b pr\u0161elo.Tak\u017ee cel\u00e1 pergola byla pry\u010d. Dodnes nev\u00edme, jestli tu d\u0159ev\u011bnou pergolu sousedovi zni\u010dily povodn\u011b anebo se prost\u011b rozpadla, \u017ee byla nekvalitn\u00ed. Od t\u00e9 doby nev\u00edm, jak se m\u00e1m k pergole zachovat, jestli vybrat n\u011bjakou d\u0159ev\u011bnou anebo n\u011bjakou jinou? Mysl\u00edm si, \u017ee tohle asi nen\u00ed ot\u00e1zka zrovna pro m\u011b. Rad\u011bji se zept\u00e1m n\u011bkter\u00e9ho odborn\u00edka, kter\u00fdmi nejl\u00e9pe porad\u00ed. A proto\u017ee s p\u0159\u00edtelem chceme, aby n\u00e1m tady pergola vydr\u017eela n\u011bkolik let, a ne pouze dva m\u011bs\u00edce, tak jsem si \u0159ekla, \u017ee to zkus\u00edm tak, \u017ee si d\u00e1me inzer\u00e1t, \u017ee sh\u00e1n\u00edme n\u011bjakou kvalitn\u00ed a stylovou pergolu nebo alt\u00e1n na zahradu. Proto\u017ee jen tak n\u011bjakou pergolu nechceme. M\u00e1m moc r\u00e1da tr\u00e1ven\u00ed \u010dasu venku, tak\u017ee taky chci, aby to n\u011bjak vypadalo. A co \u0159\u00edk\u00e1te vy na d\u0159ev\u011bn\u00e9 pergoly a zahradn\u00ed alt\u00e1ny z \u00dast\u00ed nad Labem? Nic nezkaz\u00edte, kdy\u017e se pojedete na n\u011bjak\u00e9 pod\u00edvat.                                                                                                                                                                                                                                                                                                                                                                                                  "},{"@context":"https:\/\/schema.org\/","@type":"BreadcrumbList","itemListElement":[{"@type":"ListItem","position":1,"name":"Pergola na zahrad\u011b","item":"https:\/\/www.amateto.cz\/pergola-na-zahrade\/#breadcrumbitem"}]}]