[{"@context":"https:\/\/schema.org\/","@type":"Article","@id":"https:\/\/www.amateto.cz\/pristup-mladych-k-detem\/#Article","mainEntityOfPage":"https:\/\/www.amateto.cz\/pristup-mladych-k-detem\/","headline":"P\u0159\u00edstup mlad\u00fdch k d\u011btem","name":"P\u0159\u00edstup mlad\u00fdch k d\u011btem","description":"Dne\u0161n\u00ed doba se velmi li\u0161\u00ed od doby d\u0159\u00edv\u011bj\u0161\u00ed, a to v\u00a0mnoha v\u011bcech, proto\u017ee generace v\u017edy od sebe d\u011bl\u00ed dost let, a tak je norm\u00e1ln\u00ed, \u017ee&hellip;","datePublished":"2022-06-04","dateModified":"2023-04-25","author":{"@type":"Person","@id":"https:\/\/www.amateto.cz\/author\/#Person","name":"","url":"https:\/\/www.amateto.cz\/author\/","identifier":1,"image":{"@type":"ImageObject","@id":"https:\/\/secure.gravatar.com\/avatar\/04053961f5a3d2af1f56d865c7fc774bb6a80b9754b2f4c57fa4f8cefa253bd4?s=96&d=mm&r=g","url":"https:\/\/secure.gravatar.com\/avatar\/04053961f5a3d2af1f56d865c7fc774bb6a80b9754b2f4c57fa4f8cefa253bd4?s=96&d=mm&r=g","height":96,"width":96}},"publisher":{"@type":"Organization","name":"amateto.cz","logo":{"@type":"ImageObject","@id":"\/logo.png","url":"\/logo.png","width":600,"height":60}},"image":{"@type":"ImageObject","@id":"https:\/\/www.amateto.cz\/wp-content\/uploads\/children-gab484455c_640.jpg","url":"https:\/\/www.amateto.cz\/wp-content\/uploads\/children-gab484455c_640.jpg","height":0,"width":0},"url":"https:\/\/www.amateto.cz\/pristup-mladych-k-detem\/","about":["D\u011bti"],"wordCount":428,"articleBody":"Dne\u0161n\u00ed doba se velmi li\u0161\u00ed od doby d\u0159\u00edv\u011bj\u0161\u00ed, a to v\u00a0mnoha v\u011bcech, proto\u017ee generace v\u017edy od sebe d\u011bl\u00ed dost let, a tak je norm\u00e1ln\u00ed, \u017ee se lid\u00e9 v\u00a0jednotliv\u00fdch generac\u00edch chovaj\u00ed jinak mezi sebou a maj\u00ed jin\u00e9 zvyky. To je naprosto norm\u00e1ln\u00ed a ani nem\u016f\u017eeme \u010dekat, aby se lid\u00e9 chovali v\u00a0r\u00e1mci dvou rozd\u00edln\u00fdch generac\u00ed stejn\u011b. Nen\u00ed mo\u017en\u00e9, aby si dva lid\u00e9 rozum\u011bli, kdy\u017e jsou z\u00a0jin\u00e9 generace. To by muselo nastat p\u0159izp\u016fsoben\u00ed bu\u010f mlad\u0161\u00edho na star\u0161\u00ed generaci nebo star\u0161\u00edho na mlad\u0161\u00ed generaci a snaha p\u0159ibl\u00ed\u017eit se t\u00e9 dan\u00e9 generaci a pochopit ji, co\u017e se v\u011bt\u0161inou nest\u00e1v\u00e1, ale jsou jedinci, kte\u0159\u00ed to takto d\u011blaj\u00ed, nap\u0159\u00edklad, dost star\u0161\u00edch lid\u00ed je modern\u00edch a sna\u017e\u00ed se j\u00edt s\u00a0dobou a tak\u00e9 s\u00a0jejich d\u011btmi (lid\u00e9 60+ a jejich d\u011bti, kter\u00e9 maj\u00ed okolo 40).Nav\u00edc i hnac\u00ed motor vnou\u010dat d\u011bl\u00e1 sv\u00e9 a sta\u0159\u00ed jedinci se sna\u017e\u00ed j\u00edt s\u00a0dobou, co\u017e je velmi pozoruhodn\u00e9 a mus\u00edme to v\u0161ichni ocenit. Nyn\u00ed se v\u0161ak dostaneme k\u00a0tomu, jak se zm\u011bnilo za ty roky my\u0161len\u00ed lid\u00ed ohledn\u011b d\u011bt\u00ed, zda-li si lid\u00e9 po\u0159izuj\u00ed d\u011bti a zda-li si je lid\u00e9 ve star\u0161\u00ed generaci po\u0159izovali, pro\u010d tomu tak je a jestli jsou rozd\u00edly tak velk\u00e9.\u00a0Rozhodn\u011b v\u0161ichni v\u00edme, \u017ee kdysi si lid\u00e9 po\u0159izovali d\u011bti mnohem v\u00edc a \u010dast\u011bji ne\u017e dnes, proto\u017ee to pro n\u011b bylo i v\u00fdhodn\u011bj\u0161\u00ed.Lid\u00e9 toti\u017e, nap\u0159\u00edklad v\u00a0obdob\u00ed komunismu, dost\u00e1vali od st\u00e1tu r\u016fzn\u00e9 p\u0159\u00edplatky a mohli j\u00edt d\u0159\u00edve na d\u016fchod kv\u016fli tomu, \u017ee m\u011bli t\u0159eba v\u00edce lid\u00ed, co\u017e je na jednu stranu fajn. Dal\u0161\u00ed v\u011bc byla ta, \u017ee lid\u00e9, jak nem\u011bli moc co d\u011blat a doba byla \u0161ed\u00e1, po\u0159izovali si d\u011bti a bylo norm\u00e1ln\u00ed, \u017ee t\u0159eba i v\u00edc. Zkr\u00e1tka aby m\u011bli co d\u011blat a aby m\u011bli alespo\u0148 trochu \u017eivota a barev v\u00a0t\u011bch sv\u00fdch \u017eivotech a aby m\u011bli alespo\u0148 trochu radosti. Byli r\u00e1di za ka\u017edou radost. Dnes se lid\u00e9 k\u00a0d\u011btem tolik ne\u017eenou, proto\u017ee mnohem rad\u0161i studuj\u00ed a \u0161et\u0159\u00ed si pen\u00edze, d\u011bti toti\u017e celkem dost financ\u00ed berou, na tom se shodneme. D\u0159\u00edve lid\u00e9 nestudovali na vysok\u00e9 \u0161kole, a tak si ud\u011blali d\u00edt\u011b.                                                                                                                                                                                                                                                                                                                                                                                                "},{"@context":"https:\/\/schema.org\/","@type":"BreadcrumbList","itemListElement":[{"@type":"ListItem","position":1,"name":"P\u0159\u00edstup mlad\u00fdch k d\u011btem","item":"https:\/\/www.amateto.cz\/pristup-mladych-k-detem\/#breadcrumbitem"}]}]