[{"@context":"https:\/\/schema.org\/","@type":"Article","@id":"https:\/\/www.amateto.cz\/proc-je-odvetravani-tak-dulezite-zvlaste-v-zime\/#Article","mainEntityOfPage":"https:\/\/www.amateto.cz\/proc-je-odvetravani-tak-dulezite-zvlaste-v-zime\/","headline":"Pro\u010d je odv\u011btr\u00e1v\u00e1n\u00ed tak d\u016fle\u017eit\u00e9, zvl\u00e1\u0161t\u011b v zim\u011b","name":"Pro\u010d je odv\u011btr\u00e1v\u00e1n\u00ed tak d\u016fle\u017eit\u00e9, zvl\u00e1\u0161t\u011b v zim\u011b","description":"Zima ji\u017e klepe na dve\u0159e a to znamen\u00e1 mimo jin\u00e9 tak\u00e9 za\u010d\u00e1tek topn\u00e9 sez\u00f3ny. Je to tak\u00e9 doba, kdy mnoho z n\u00e1s omezuje v\u011btr\u00e1n\u00ed. A&hellip;","datePublished":"2022-09-07","dateModified":"2023-04-25","author":{"@type":"Person","@id":"https:\/\/www.amateto.cz\/author\/#Person","name":"","url":"https:\/\/www.amateto.cz\/author\/","identifier":1,"image":{"@type":"ImageObject","@id":"https:\/\/secure.gravatar.com\/avatar\/04053961f5a3d2af1f56d865c7fc774bb6a80b9754b2f4c57fa4f8cefa253bd4?s=96&d=mm&r=g","url":"https:\/\/secure.gravatar.com\/avatar\/04053961f5a3d2af1f56d865c7fc774bb6a80b9754b2f4c57fa4f8cefa253bd4?s=96&d=mm&r=g","height":96,"width":96}},"publisher":{"@type":"Organization","name":"amateto.cz","logo":{"@type":"ImageObject","@id":"\/logo.png","url":"\/logo.png","width":600,"height":60}},"image":{"@type":"ImageObject","@id":"https:\/\/www.amateto.cz\/wp-content\/uploads\/odvetravani1_7.jpg","url":"https:\/\/www.amateto.cz\/wp-content\/uploads\/odvetravani1_7.jpg","height":0,"width":0},"url":"https:\/\/www.amateto.cz\/proc-je-odvetravani-tak-dulezite-zvlaste-v-zime\/","about":["Business"],"wordCount":451,"articleBody":"   Zima ji\u017e klepe na dve\u0159e a to znamen\u00e1 mimo jin\u00e9 tak\u00e9 za\u010d\u00e1tek topn\u00e9 sez\u00f3ny. Je to tak\u00e9 doba, kdy mnoho z n\u00e1s omezuje v\u011btr\u00e1n\u00ed. A vzhledem k cen\u00e1m plynu a elekt\u0159iny, a tedy i topen\u00ed, to bude tuto zimu platit dvojn\u00e1sob. Koneckonc\u016f, nem\u016f\u017eeme si dovolit, aby n\u00e1m drah\u00e9 teplo ut\u00edkalo bez u\u017eitku otev\u0159en\u00fdm oknem. Probl\u00e9mem v\u0161ak je, \u017ee mnoho lid\u00ed podce\u0148uje d\u016fle\u017eitost pravideln\u00e9ho odv\u011btr\u00e1v\u00e1n\u00ed Tauris Plus. V l\u00e9t\u011b to obvykle neb\u00fdv\u00e1 probl\u00e9mem, nebo\u0165 m\u00e1me obvykle otev\u0159en\u00e1 v\u0161echna okna po cel\u00fd den, abychom k n\u00e1m dom\u016f pozvali alespo\u0148 trochu chladn\u00e9ho v\u00e1nku. V zim\u011b je tomu v\u0161ak naopak.To m\u00e1 samoz\u0159ejm\u011b nep\u011bkn\u00e9 zdravotn\u00ed n\u00e1sledky. Ty se nav\u00edc ukazuj\u00ed mnohem v\u00edce v posledn\u00edch dvou letech, kdy pandemie covidu po\u0161kodila mnoha lidem pl\u00edce. Co n\u00e1s tedy m\u016f\u017ee potkat? Hlavn\u00edm nebezpe\u010d\u00edm je nadbytek oxidu uhli\u010dit\u00e9ho. Ten v\u0161ichni dob\u0159e zn\u00e1me jako vyd\u00fdchan\u00fd vzduch v zapln\u011bn\u00fdch, nev\u011btran\u00fdch m\u00edstnostech. Ov\u0161em pokud nebudeme v\u011btrat, m\u016f\u017ee se projevit i u n\u00e1s doma. Zp\u016fsobuje ospalost, mal\u00e1tnost a zpomaluje reakce. V ku\u0159\u00e1ck\u00fdch domovech pak m\u00e1me kou\u0159 z cigaret. O tom, \u017ee to nen\u00ed nic zdrav\u00e9ho, asi nen\u00ed t\u0159eba hovo\u0159it. Pokud v\u0161ak nebude vyv\u011btr\u00e1n, m\u016f\u017ee v\u00e9st d\u00edky pasivn\u00edmu kou\u0159en\u00ed (kter\u00e9 je \u010dasto zdravotn\u011b mnohem nebezpe\u010dn\u011bj\u0161\u00ed ne\u017e aktivn\u00ed) i k rakovin\u011b plic.Dob\u0159e n\u00e1m ned\u011blaj\u00ed ani v\u00fdpary z kuchyn\u011b. A \u0159e\u010d nen\u00ed jen o sp\u00e1len\u00fdch \u010di jinak poka\u017een\u00fdch pokrmech, ale i o p\u0159\u00edprav\u011b siln\u011b aromatick\u00fdch j\u00eddel. Ani to n\u00e1m toti\u017e p\u0159i dlouhodob\u00e9m vdechov\u00e1n\u00ed ned\u011bl\u00e1 dob\u0159e. A jak\u00e9 mohou b\u00fdt n\u00e1sledky toho v\u0161eho? N\u00e1r\u016fst d\u00fdchac\u00edch obt\u00ed\u017e\u00ed, u astmatik\u016f \u010dast\u011bj\u0161\u00ed z\u00e1chvaty, d\u00e1le such\u00fd dr\u00e1\u017ediv\u00fd ka\u0161el a s n\u00edm spojen\u00e9 i \u0161kr\u00e1b\u00e1n\u00ed v krku. O tom, \u017ee se nebudeme c\u00edtit zrovna nejl\u00e9pe a \u017ee budeme prakticky neust\u00e1le mal\u00e1tn\u00ed a ospal\u00ed nen\u00ed t\u0159eba se zmi\u0148ovat. Proto je pot\u0159eba, abychom k n\u00e1m dom\u016f i v nejv\u011bt\u0161\u00edch mrazech pustili alespo\u0148 jednou denn\u011b \u010derstv\u00fd vzduch. A pokud m\u00e1me nap\u0159\u00edklad klimatizaci \u010di mechanick\u00e9 odv\u011btr\u00e1v\u00e1n\u00ed, je dobr\u00e9 jej ka\u017ed\u00fd den alespo\u0148 na chv\u00edli zapnout tak\u00e9. Va\u0161e t\u011blo v\u00e1m za to jen pod\u011bkuje.                                                                                                                                                                                                                                                                                                                                                                                                  "},{"@context":"https:\/\/schema.org\/","@type":"BreadcrumbList","itemListElement":[{"@type":"ListItem","position":1,"name":"Pro\u010d je odv\u011btr\u00e1v\u00e1n\u00ed tak d\u016fle\u017eit\u00e9, zvl\u00e1\u0161t\u011b v zim\u011b","item":"https:\/\/www.amateto.cz\/proc-je-odvetravani-tak-dulezite-zvlaste-v-zime\/#breadcrumbitem"}]}]