[{"@context":"https:\/\/schema.org\/","@type":"Article","@id":"https:\/\/www.amateto.cz\/slavne-osobnosti-ktere-zemreli-na-covid-19\/#Article","mainEntityOfPage":"https:\/\/www.amateto.cz\/slavne-osobnosti-ktere-zemreli-na-covid-19\/","headline":"Slavn\u00e9 osobnosti, kter\u00e9 zem\u0159eli na covid-19","name":"Slavn\u00e9 osobnosti, kter\u00e9 zem\u0159eli na covid-19","description":"Covid si sv\u00e9 ob\u011bti nevyb\u00edr\u00e1, a tak jsme p\u0159i\u0161li b\u011bhem pandemie i o spoustu um\u011blc\u016f, zp\u011bv\u00e1k\u016f, herc\u016f. A to nejen u n\u00e1s, ale prakticky po&hellip;","datePublished":"2022-09-05","dateModified":"2023-04-25","author":{"@type":"Person","@id":"https:\/\/www.amateto.cz\/author\/#Person","name":"","url":"https:\/\/www.amateto.cz\/author\/","identifier":1,"image":{"@type":"ImageObject","@id":"https:\/\/secure.gravatar.com\/avatar\/04053961f5a3d2af1f56d865c7fc774bb6a80b9754b2f4c57fa4f8cefa253bd4?s=96&d=mm&r=g","url":"https:\/\/secure.gravatar.com\/avatar\/04053961f5a3d2af1f56d865c7fc774bb6a80b9754b2f4c57fa4f8cefa253bd4?s=96&d=mm&r=g","height":96,"width":96}},"publisher":{"@type":"Organization","name":"amateto.cz","logo":{"@type":"ImageObject","@id":"\/logo.png","url":"\/logo.png","width":600,"height":60}},"image":{"@type":"ImageObject","@id":"https:\/\/www.amateto.cz\/wp-content\/uploads\/pexels-anna-shvets-4167580.jpg","url":"https:\/\/www.amateto.cz\/wp-content\/uploads\/pexels-anna-shvets-4167580.jpg","height":0,"width":0},"url":"https:\/\/www.amateto.cz\/slavne-osobnosti-ktere-zemreli-na-covid-19\/","about":["Produkty"],"wordCount":397,"articleBody":"   Covid si sv\u00e9 ob\u011bti nevyb\u00edr\u00e1, a tak jsme p\u0159i\u0161li b\u011bhem pandemie i o spoustu um\u011blc\u016f, zp\u011bv\u00e1k\u016f, herc\u016f. A to nejen u n\u00e1s, ale prakticky po cel\u00e9m sv\u011bt\u011b. Poj\u010fme si p\u0159ipomenout n\u011bkter\u00e9 z nich.Jana Andres\u00edkov\u00e1Obl\u00edben\u00e1 here\u010dka ode\u0161la ve sv\u00fdch 79 letech. \u010cten\u00e1\u0159i ji mohou zn\u00e1t p\u0159edev\u0161\u00edm jako \u010darod\u011bjnici v obl\u00edben\u00e9m rodinn\u00e9m seri\u00e1lu Arabela. Objevila se tak\u00e9 v s\u00e9rii Kame\u0148\u00e1k. Bohu\u017eel, kdy\u017e se Jana Adres\u00edkov\u00e1 nakazila covidem, m\u011bla za sebou ji\u017e n\u011bkolik onemocn\u011bn\u00ed a proto m\u011bla v\u00fdrazn\u011b oslabenou imunitu. Jej\u00ed t\u011blo nedok\u00e1zalo zvl\u00e1dnout boj proti covidu.Robert Hosseinherec zem\u0159el den po sv\u00fdch 93 narozenin\u00e1ch. I kv\u016fli sv\u00e9mu \u00factyhodn\u00e9mu v\u011bku se mu stal covid-19 osudn\u00fdm. Div\u00e1ci si charismatick\u00e9ho herce budou pamatovat p\u0159edev\u0161\u00edm v roli Joffreye Peyraca ve filmov\u00e9 s\u00e9rii Angelika, kde se objevil po boku p\u016fvabn\u00e9 Mich\u00e8le Mercier.Ji\u0159\u00ed MenzelSlavn\u00fd herec, a p\u0159edev\u0161\u00edm re\u017eis\u00e9r Ji\u0159\u00ed Menzel zem\u0159el ve v\u011bku 82 let. I kdy\u017e na tom nebyl zdravotn\u011b na sto procent, dostala ho a\u017e n\u00e1kaza koronavirem. Menzel re\u017e\u00edroval spoustu \u010desk\u00fdch filmov\u00fdch klenot\u016f, jako je Vesni\u010dko m\u00e1 st\u0159ediskov\u00e1, Rozmarn\u00e9 l\u00e9to, Na samot\u011b u lesa nebo Post\u0159i\u017einy.Nick CorderoVelk\u00fdm \u0161okem byla smrt kanadsk\u00e9ho herce a zp\u011bv\u00e1ka Nicka Cordera, kter\u00fd m\u011bl pouh\u00fdch 41 let. Pot\u00e9, co se nakazil koronavirem, u n\u011bj do\u0161lo k \u010detn\u00fdm zdravotn\u00edm komplikac\u00edm. B\u011bhem nich mu l\u00e9ka\u0159i dokonce museli amputovat doln\u00ed kon\u010detiny. Ani to ho nezachr\u00e1nilo a 5. \u010dervna 2020 zem\u0159el v nemocnici. P\u0159i vzpom\u00ednce na v\u0161echny ob\u011bti covidu-19 si uv\u011bdomme, \u017ee pandemie je\u0161t\u011b nen\u00ed u konce a \u017ee je v\u00edc ne\u017e d\u016fle\u017eit\u00e9, abychom se chr\u00e1nili. Dodr\u017eujte si odstup od lid\u00ed, kte\u0159\u00ed vykazuj\u00ed p\u0159\u00edznaky a pokud je m\u00e1te vy, sna\u017ete se okam\u017eit\u011b omezit kontakt s ostatn\u00edmi a ud\u011blejte si doma test. St\u00e1le prob\u00edh\u00e1 prodej antigenn\u00edch test\u016f https:\/\/www.covidexpert.cz\/antigenni-testy\/. Pokud m\u00e1te v\u00e1\u017en\u00e9 p\u0159\u00edznaky, okam\u017eit\u011b vyhledejte l\u00e9ka\u0159skou pomoc.                                                                                                                                                                                                                                                                                                                                                                                                  "},{"@context":"https:\/\/schema.org\/","@type":"BreadcrumbList","itemListElement":[{"@type":"ListItem","position":1,"name":"Slavn\u00e9 osobnosti, kter\u00e9 zem\u0159eli na covid-19","item":"https:\/\/www.amateto.cz\/slavne-osobnosti-ktere-zemreli-na-covid-19\/#breadcrumbitem"}]}]