[{"@context":"https:\/\/schema.org\/","@type":"Article","@id":"https:\/\/www.amateto.cz\/vzpominate-na-dovolenou\/#Article","mainEntityOfPage":"https:\/\/www.amateto.cz\/vzpominate-na-dovolenou\/","headline":"Vzpom\u00edn\u00e1te na dovolenou?","name":"Vzpom\u00edn\u00e1te na dovolenou?","description":"Nev\u00edm jak vy, ale j\u00e1 m\u00e1m leto\u0161n\u00ed dovolenou po\u0159\u00e1d je\u0161t\u011b v\u00a0\u017eiv\u00e9 pam\u011bti. Dote\u010f na ni vzpom\u00edn\u00e1m. Je to p\u0159ece jenom pouze p\u00e1r dn\u00ed, kdy mi&hellip;","datePublished":"2022-07-13","dateModified":"2023-04-25","author":{"@type":"Person","@id":"https:\/\/www.amateto.cz\/author\/#Person","name":"","url":"https:\/\/www.amateto.cz\/author\/","identifier":1,"image":{"@type":"ImageObject","@id":"https:\/\/secure.gravatar.com\/avatar\/04053961f5a3d2af1f56d865c7fc774bb6a80b9754b2f4c57fa4f8cefa253bd4?s=96&d=mm&r=g","url":"https:\/\/secure.gravatar.com\/avatar\/04053961f5a3d2af1f56d865c7fc774bb6a80b9754b2f4c57fa4f8cefa253bd4?s=96&d=mm&r=g","height":96,"width":96}},"publisher":{"@type":"Organization","name":"amateto.cz","logo":{"@type":"ImageObject","@id":"\/logo.png","url":"\/logo.png","width":600,"height":60}},"image":{"@type":"ImageObject","@id":"https:\/\/www.amateto.cz\/wp-content\/uploads\/Dovolen%C3%A1%201.jpg","url":"https:\/\/www.amateto.cz\/wp-content\/uploads\/Dovolen%C3%A1%201.jpg","height":0,"width":0},"url":"https:\/\/www.amateto.cz\/vzpominate-na-dovolenou\/","about":["Dovolen\u00e1"],"wordCount":447,"articleBody":"Nev\u00edm jak vy, ale j\u00e1 m\u00e1m leto\u0161n\u00ed dovolenou po\u0159\u00e1d je\u0161t\u011b v\u00a0\u017eiv\u00e9 pam\u011bti. Dote\u010f na ni vzpom\u00edn\u00e1m. Je to p\u0159ece jenom pouze p\u00e1r dn\u00ed, kdy mi skon\u010dila, a n\u011bco jako dovolen\u00e1 se tak rychle nezapomene. Hlavn\u011b kdy\u017e se po dovolen\u00e9 zase nastoup\u00ed do pr\u00e1ce a zase se mus\u00ed d\u011blat to, co cht\u011bj\u00ed nad\u0159\u00edzen\u00ed, a ne to, co by cht\u011bl d\u011blat \u010dlov\u011bk s\u00e1m. A tak po\u0159\u00e1d je\u0161t\u011b ve voln\u00fdch chv\u00edl\u00edch vzpom\u00edn\u00e1m na uplynulou dovolenou, kterou u\u017e jsem opravdu pot\u0159ebovala jako s\u016fl. Nebo jako vzduch. Vzpom\u00edn\u00e1m na tu kr\u00e1snou dobu, kdy jsem si mohla p\u0159ispat a potom j\u00edt jednodu\u0161e ven, kdy se sice taky n\u011bco muselo, ale nebylo toho tolik jako v\u00a0zam\u011bstn\u00e1n\u00ed, a hlavn\u011b to byla zm\u011bna.Kone\u010dn\u011b jsem si odpo\u010dinula. Jen\u017ee v\u0161echno kr\u00e1sn\u00e9 jednoho dne skon\u010d\u00ed, a tak i moje dovolen\u00e1 skon\u010dila. A zbyly mi jenom vzpom\u00ednky na ty kr\u00e1sn\u00e9 \u010dasy. A asi zbyly i v\u00e1m, pokud u\u017e taky m\u00e1te po dovolen\u00e9 a pokud jste si ji u\u017eili tak, jak jste si ji u\u017e\u00edt cht\u011bli. N\u011bkdo z\u00a0n\u00e1s vzpom\u00edn\u00e1 t\u0159eba na toulky v\u00a0na\u0161ich les\u00edch, jin\u00fd na mo\u0159e nebo na hory, na na\u0161i vlast nebo t\u0159eba i velice vzd\u00e1len\u00e9 kraje. N\u011bkdo m\u00e1 pro\u017eitou dovolenou spojenou s\u00a0pobytem ve m\u011bst\u011b, n\u011bkdo v\u00a0p\u0159\u00edrod\u011b, to podle toho, co komu nejv\u00edc imponuje a co si taky mohl dovolit. Proto\u017ee je p\u0159ece jasn\u00e9, \u017ee si nem\u016f\u017ee ka\u017ed\u00fd dovolit v\u0161echno. \u017de tu m\u00e1me i spoustu lid\u00ed, kte\u0159\u00ed na dovolenou sv\u00fdch sn\u016f zkr\u00e1tka nemaj\u00ed. A ti maj\u00ed sm\u016flu, \u017ee mus\u00ed z\u016fstat doma nebo se spokojit s\u00a0n\u011b\u010d\u00edm m\u00ed\u0148 dokonal\u00fdm.Ale to jsem j\u00e1 na\u0161t\u011bst\u00ed nebyla. Pro m\u011b byla dovolen\u00e1 jako v\u017edycky ta nejlep\u0161\u00ed na sv\u011bt\u011b. Kone\u010dn\u011b jsem zase jednou mohla d\u011blat to, co jsem cht\u011bla. A tak jsem se z\u00a0dovolen\u00e9 vr\u00e1tila zotaven\u00e1. A to je dob\u0159e. I kdy\u017e je to i trochu \u0161patn\u011b, proto\u017ee \u010d\u00edm hez\u010d\u00ed je takov\u00e1 dovolen\u00e1, t\u00edm h\u016f\u0159 se z\u00a0n\u00ed vrac\u00ed do ka\u017edodenn\u00edho \u017eivota. To kr\u00e1sn\u00e9 se neopou\u0161t\u00ed snadno. Ale aspo\u0148 ty vzpom\u00ednky na dovolenou mi zbyly. A mus\u00edm si s\u00a0nimi\u00a0vysta\u010dit a\u017e do p\u0159\u00ed\u0161t\u00ed dovolen\u00e9. Kter\u00e1 mi chyb\u00ed, ale m\u00e1m se aspo\u0148 na co t\u011b\u0161it.                                                                                                                                                                                                                                                                                                                                                                                                "},{"@context":"https:\/\/schema.org\/","@type":"BreadcrumbList","itemListElement":[{"@type":"ListItem","position":1,"name":"Vzpom\u00edn\u00e1te na dovolenou?","item":"https:\/\/www.amateto.cz\/vzpominate-na-dovolenou\/#breadcrumbitem"}]}]